{"id":465,"date":"2025-05-12T10:03:19","date_gmt":"2025-05-12T08:03:19","guid":{"rendered":"https:\/\/leconakry.com\/?p=465"},"modified":"2025-05-14T10:13:47","modified_gmt":"2025-05-14T08:13:47","slug":"guinee-scrutins-presidentiel-et-legislatif-en-guinee-bah-oury-annonce-la-date-de-decembre-2025","status":"publish","type":"post","link":"https:\/\/leconakry.com\/index.php\/2025\/05\/12\/guinee-scrutins-presidentiel-et-legislatif-en-guinee-bah-oury-annonce-la-date-de-decembre-2025\/","title":{"rendered":"GUINEE- Scrutins pr\u00e9sidentiel et l\u00e9gislatif en Guin\u00e9e: Bah Oury annonce la date de d\u00e9cembre 2025"},"content":{"rendered":"<p>M\u00eame si la date n\u2019est pas encore officielle, mais le premier ministre guin\u00e9en a indiqu\u00e9 \u00e0 Abidjan, le mois de d\u00e9cembre 2025 pour l\u2019organisation des \u00e9lections pr\u00e9sidentielle et l\u00e9gislatives en Guin\u00e9e. Le troisi\u00e8me chef du gouvernement guin\u00e9en de transition a sans doute tent\u00e9 de rassurer les investisseurs \u00e9trangers \u00e0 l\u2019ouverture de la troisi\u00e8me \u00e9dition de Africa CEO forum. \u00ab 21 septembre 2025, le r\u00e9f\u00e9rendum constitutionnel sera organis\u00e9. D\u00e9cembre 2025, \u00e0 la fois l\u2019\u00e9lection pr\u00e9sidentielle et l\u2019\u00e9lection l\u00e9gislative. \u00bb, a affirm\u00e9 Amadou Oury Bah. A la faveur de son adresse \u00e0 la nation le 31 d\u00e9cembre 2024, le Pr\u00e9sident de la Transition G\u00e9n\u00e9ral Mamadi Doumbouya avait promis que 2025 serait \u00ab une ann\u00e9e \u00e9lectorale cruciale pour parachever le retour \u00e0 l\u2019ordre constitutionnel \u00bb<\/p>\n<p>LECONAKRY<\/p>\n","protected":false},"excerpt":{"rendered":"<p>M\u00eame si la date n\u2019est pas encore officielle, mais le premier ministre guin\u00e9en a indiqu\u00e9 \u00e0 Abidjan, le mois de d\u00e9cembre 2025 pour l\u2019organisation des \u00e9lections pr\u00e9sidentielle et l\u00e9gislatives en Guin\u00e9e. Le troisi\u00e8me chef du gouvernement guin\u00e9en de transition a sans doute tent\u00e9 de rassurer les investisseurs \u00e9trangers \u00e0 l\u2019ouverture de la troisi\u00e8me \u00e9dition de [&hellip;]<\/p>\n","protected":false},"author":2,"featured_media":466,"comment_status":"open","ping_status":"open","sticky":false,"template":"","format":"standard","meta":{"_themeisle_gutenberg_block_has_review":false,"footnotes":""},"categories":[1],"tags":[],"class_list":["post-465","post","type-post","status-publish","format-standard","has-post-thumbnail","hentry","category-non-classe"],"_links":{"self":[{"href":"https:\/\/leconakry.com\/index.php\/wp-json\/wp\/v2\/posts\/465","targetHints":{"allow":["GET"]}}],"collection":[{"href":"https:\/\/leconakry.com\/index.php\/wp-json\/wp\/v2\/posts"}],"about":[{"href":"https:\/\/leconakry.com\/index.php\/wp-json\/wp\/v2\/types\/post"}],"author":[{"embeddable":true,"href":"https:\/\/leconakry.com\/index.php\/wp-json\/wp\/v2\/users\/2"}],"replies":[{"embeddable":true,"href":"https:\/\/leconakry.com\/index.php\/wp-json\/wp\/v2\/comments?post=465"}],"version-history":[{"count":1,"href":"https:\/\/leconakry.com\/index.php\/wp-json\/wp\/v2\/posts\/465\/revisions"}],"predecessor-version":[{"id":467,"href":"https:\/\/leconakry.com\/index.php\/wp-json\/wp\/v2\/posts\/465\/revisions\/467"}],"wp:featuredmedia":[{"embeddable":true,"href":"https:\/\/leconakry.com\/index.php\/wp-json\/wp\/v2\/media\/466"}],"wp:attachment":[{"href":"https:\/\/leconakry.com\/index.php\/wp-json\/wp\/v2\/media?parent=465"}],"wp:term":[{"taxonomy":"category","embeddable":true,"href":"https:\/\/leconakry.com\/index.php\/wp-json\/wp\/v2\/categories?post=465"},{"taxonomy":"post_tag","embeddable":true,"href":"https:\/\/leconakry.com\/index.php\/wp-json\/wp\/v2\/tags?post=465"}],"curies":[{"name":"wp","href":"https:\/\/api.w.org\/{rel}","templated":true}]}}