{"id":450,"date":"2025-05-09T19:39:34","date_gmt":"2025-05-09T17:39:34","guid":{"rendered":"https:\/\/leconakry.com\/?p=450"},"modified":"2025-05-09T19:39:34","modified_gmt":"2025-05-09T17:39:34","slug":"guinee-education-le-ministre-jean-paul-cedy-parle-des-reformes-engagees-par-son-departement-interview","status":"publish","type":"post","link":"https:\/\/leconakry.com\/index.php\/2025\/05\/09\/guinee-education-le-ministre-jean-paul-cedy-parle-des-reformes-engagees-par-son-departement-interview\/","title":{"rendered":"Guin\u00e9e\/Education: Le ministre Jean Paul Cedy parle des r\u00e9formes engag\u00e9es par son d\u00e9partement (Interview)"},"content":{"rendered":"<p>Le ministre de l\u2019Enseignement Pr\u00e9-Universitaire et de l\u2019Alphab\u00e9tisation (MEPU-A), Jean Paul Cedy a, lors de l\u2019invit\u00e9 de la r\u00e9daction de l\u2019AGP, r\u00e9alis\u00e9e vendredi, 09 mais 2025, largement parl\u00e9 de la dynamique imprim\u00e9e depuis son arriv\u00e9e \u00e0 la t\u00eate de ce d\u00e9partement, pour le bon fonctionnement du syst\u00e8me \u00e9ducatif du pr\u00e9scolaire au secondaire.<\/p>\n<p>Selon lui, compte tenu du caract\u00e8re sp\u00e9cifique de l\u2019\u2019Enseignement Pr\u00e9 Universitaire et de l\u2019Alphab\u00e9tisation,\u00a0les r\u00e9sultats des r\u00e9formes sont lents mais arrivent progressivement et de fa\u00e7on positive. Il dit ce dont il est fier, c\u2019est que les r\u00e9sultats sont lents mais s\u00fbrs car, le d\u00e9partement est \u00e0 un niveau o\u00f9 les cadres tendent vers la normalisation des choses et chaque service est appel\u00e9 \u00e0 jouer correctement son r\u00f4le, en mettant \u00e0 la fois l\u2019\u00e9l\u00e8ve et l\u2019enseignant au centre de toutes les\u00a0pr\u00e9occupations, parce que les deux (02) sont intimement li\u00e9s, indique-t-il.<\/p>\n<p>Parlant de la\u00a0<strong>gratuit\u00e9<\/strong>\u00a0des manuels scolaires,\u00a0instaur\u00e9e par l\u2019\u00c9tat, et que ces manuels soient toujours vendus\u00a0 \u00a0ill\u00e9galement sur les march\u00e9s du pays, le ministre Jean Paul Cedy a fait savoir que tout ce qu\u2019il peut dire \u00e0 ce propos,\u00a0c\u2019est que les manuels command\u00e9s par le Minist\u00e8re vont aux ayants droits. \u00ab\u00a0Toutefois, \u00e0 l\u2019\u00e8re du d\u00e9veloppement du num\u00e9rique, les pirates et autres contrebandiers op\u00e8rent souvent dans la cit\u00e9. M\u00eame les pays les plus d\u00e9velopp\u00e9s n\u2019y \u00e9chappent pas. Le r\u00f4le du d\u00e9partement, c\u2019est de s\u2019assurer que les manuels scolaires donn\u00e9s par l\u2019Etat soient correctement distribu\u00e9s aux \u00e9l\u00e8ves \u00e0 travers un m\u00e9canisme de suivi r\u00e9gulier. D\u2019ailleurs, pour votre information, une mission d\u2019audit vient d\u2019\u00eatre effectu\u00e9e par l\u2019inspection g\u00e9n\u00e9rale de l\u2019\u00e9ducation pour s\u2019assurer de la bonne distribution de ces manuels. Les rapports en font foi\u00a0\u00bb, a-t-il rassur\u00e9.<\/p>\n<p>Concernant la r\u00e9forme des programmes du pr\u00e9scolaire, l\u2019invit\u00e9 de l\u2019AGP a dit qu\u2019il est\u00a0tout \u00e0 fait heureux d\u2019informer les Guin\u00e9ens que depuis le d\u00e9but de l\u2019ann\u00e9e scolaire 2024-2025, les nouveaux programmes du pr\u00e9scolaire sont op\u00e9rationnels dans toutes les \u00e9coles. Les enseignants ont \u00e9t\u00e9 form\u00e9s et\u00a0utilis\u00e9s rationnellement dans les \u00e9coles pr\u00e9scolaires o\u00f9 les enfants de 3 \u00e0 5 ans apprennent normalement.<\/p>\n<p>\u2018\u2019Les programmes de CP sont compl\u00e8tement finis et seront op\u00e9rationnels \u00e0 la prochaine rentr\u00e9e scolaire. L\u2019essentiel de nos r\u00e9formes sera consacr\u00e9 au niveau primaire \u00e0 travers un enseignement et un apprentissage de qualit\u00e9. Ceci passe n\u00e9cessairement par la formation continue des enseignants, le renforcement des capacit\u00e9s et l\u2019extension des cantines scolaires, ainsi que l\u2019approvisionnement des \u00e9coles en manuels scolaires, la connexion des \u00e9coles \u00e0 l\u2019Internet, et l\u2019apprentissage en ligne.\u2019\u2019, a-t-il indiqu\u00e9<\/p>\n<p>AGP<\/p>\n","protected":false},"excerpt":{"rendered":"<p>Le ministre de l\u2019Enseignement Pr\u00e9-Universitaire et de l\u2019Alphab\u00e9tisation (MEPU-A), Jean Paul Cedy a, lors de l\u2019invit\u00e9 de la r\u00e9daction de l\u2019AGP, r\u00e9alis\u00e9e vendredi, 09 mais 2025, largement parl\u00e9 de la dynamique imprim\u00e9e depuis son arriv\u00e9e \u00e0 la t\u00eate de ce d\u00e9partement, pour le bon fonctionnement du syst\u00e8me \u00e9ducatif du pr\u00e9scolaire au secondaire. Selon lui, compte [&hellip;]<\/p>\n","protected":false},"author":2,"featured_media":451,"comment_status":"open","ping_status":"open","sticky":false,"template":"","format":"standard","meta":{"_themeisle_gutenberg_block_has_review":false,"footnotes":""},"categories":[1],"tags":[],"class_list":["post-450","post","type-post","status-publish","format-standard","has-post-thumbnail","hentry","category-non-classe"],"_links":{"self":[{"href":"https:\/\/leconakry.com\/index.php\/wp-json\/wp\/v2\/posts\/450","targetHints":{"allow":["GET"]}}],"collection":[{"href":"https:\/\/leconakry.com\/index.php\/wp-json\/wp\/v2\/posts"}],"about":[{"href":"https:\/\/leconakry.com\/index.php\/wp-json\/wp\/v2\/types\/post"}],"author":[{"embeddable":true,"href":"https:\/\/leconakry.com\/index.php\/wp-json\/wp\/v2\/users\/2"}],"replies":[{"embeddable":true,"href":"https:\/\/leconakry.com\/index.php\/wp-json\/wp\/v2\/comments?post=450"}],"version-history":[{"count":1,"href":"https:\/\/leconakry.com\/index.php\/wp-json\/wp\/v2\/posts\/450\/revisions"}],"predecessor-version":[{"id":452,"href":"https:\/\/leconakry.com\/index.php\/wp-json\/wp\/v2\/posts\/450\/revisions\/452"}],"wp:featuredmedia":[{"embeddable":true,"href":"https:\/\/leconakry.com\/index.php\/wp-json\/wp\/v2\/media\/451"}],"wp:attachment":[{"href":"https:\/\/leconakry.com\/index.php\/wp-json\/wp\/v2\/media?parent=450"}],"wp:term":[{"taxonomy":"category","embeddable":true,"href":"https:\/\/leconakry.com\/index.php\/wp-json\/wp\/v2\/categories?post=450"},{"taxonomy":"post_tag","embeddable":true,"href":"https:\/\/leconakry.com\/index.php\/wp-json\/wp\/v2\/tags?post=450"}],"curies":[{"name":"wp","href":"https:\/\/api.w.org\/{rel}","templated":true}]}}