{"id":447,"date":"2025-05-09T19:33:40","date_gmt":"2025-05-09T17:33:40","guid":{"rendered":"https:\/\/leconakry.com\/?p=447"},"modified":"2025-05-09T19:33:40","modified_gmt":"2025-05-09T17:33:40","slug":"dubreka-lancement-du-2eme-tour-de-la-campagne-nationale-de-vaccination-contre-la-poliomyelite-couplee-de-ladministration-de-la-vitamine-a","status":"publish","type":"post","link":"https:\/\/leconakry.com\/index.php\/2025\/05\/09\/dubreka-lancement-du-2eme-tour-de-la-campagne-nationale-de-vaccination-contre-la-poliomyelite-couplee-de-ladministration-de-la-vitamine-a\/","title":{"rendered":"Dubr\u00e9ka : Lancement du 2\u00e8me tour de la campagne nationale de vaccination contre la poliomy\u00e9lite coupl\u00e9e de l\u2019administration de la vitamine A"},"content":{"rendered":"<p>Les autorit\u00e9s sanitaires et administratives du pays, ainsi que les institutions et partenaires au d\u00e9veloppement, \u00e9taient jeudi, 8 mai 2025 \u00e0 Dubr\u00e9ka pour proc\u00e9der au lancement officiel du 2<sup>\u00e8me<\/sup>\u00a0tour de la campagne de vaccination contre la poliomy\u00e9lite.<\/p>\n<p>Pour ce 2<sup>\u00e8me\u00a0<\/sup>tour au compte de l\u2019ann\u00e9e 2025, c\u2019est le district sanitaire de Dubr\u00e9ka qui a \u00e9t\u00e9 retenu par le minist\u00e8re de la sant\u00e9 et de l\u2019hygi\u00e8ne publique pour le lancement officiel de la campagne pour la tranche d\u2019\u00e2ge de 0 \u00e0 59 mois.<\/p>\n<p>Le pr\u00e9sident de la d\u00e9l\u00e9gation sp\u00e9ciale, Dr Aboubacar Bozin SOUMAH, a souhait\u00e9 la bienvenue aux invit\u00e9s et s\u2019est r\u00e9joui du choix port\u00e9 sur sa commune pour abriter cet important \u00e9v\u00e9nement.<\/p>\n<p>De son c\u00f4t\u00e9, le Directeur national charg\u00e9 de l\u2019\u00e9pid\u00e9miologie,\u00a0Pr Fod\u00e9 Bangaly SACKO, au nom du\u00a0ministre de la sant\u00e9, a rappel\u00e9 les efforts consentis dans le cadre de la lutte contre cette maladie invalidante.<\/p>\n<p>Le Repr\u00e9sentant pays de l\u2019OMS\u00a0en Guin\u00e9e, Dr Jean Marie, a parl\u00e9 principalement sur les statistiques et les efforts des diff\u00e9rents acteurs sur le terrain.<\/p>\n<p>Il a remerci\u00e9 les autorit\u00e9s et toutes les personnes impliqu\u00e9es dans la lutte contre les maladies en Guin\u00e9e, notamment les autorit\u00e9s locales. Il a invit\u00e9 chacun \u00e0 poursuivre sans rel\u00e2che cette lutte pour le bien-\u00eatre de tous.<\/p>\n<p>Il a rappel\u00e9 que la corvariante de la poliomy\u00e9lite de type 3 dont sont confront\u00e9s certains pays de l\u2019Afrique et qui fait des victimes, a \u00e9t\u00e9 d\u00e9couverte en Guin\u00e9e, pr\u00e9cis\u00e9ment \u00e0 Kankan et \u00e0 Siguiri, mais aussi \u00e0 Kouroussa r\u00e9cemment.<\/p>\n<p>Le repr\u00e9sentant pays de l\u2019OMS, a soulign\u00e9 que la r\u00e9surgence de la poliomy\u00e9lite, de type 3 absent sur le continent depuis plusieurs ann\u00e9es qui revient, est un signal d\u2019alarme qui rappelle la fragilit\u00e9 des progr\u00e8s accomplis. Ce qui est une menace silencieuse pour les enfants, selon lui.<\/p>\n<p>Il a invit\u00e9 les professionnels de sant\u00e9 \u00e0 poursuivre les efforts. Aux autorit\u00e9s, \u00e0 ne pas rel\u00e2cher pour mettre les enfants concern\u00e9s \u00e0 l\u2019abri de cette maladie qui provoque la paralysie.<\/p>\n<p>Le gouverneur de la r\u00e9gion administrative de Kindia,\u00a0G\u00e9n\u00e9ral 2<sup>e<\/sup>\u00a0section El hadj Ibrahima Kalil DIAKITE,\u00a0a lou\u00e9 les efforts des autorit\u00e9s, notamment le pr\u00e9sident Mamadi Doumbouya.<\/p>\n<p>Il a fait savoir que la polio est une maladie redoutable qu\u2019il faut \u00e9viter. Il a invit\u00e9 les autorit\u00e9s \u00e0 accompagner les acteurs de la sant\u00e9 pour leur faciliter l\u2019accomplissement de leur mission sur le terrain.<\/p>\n<p>AGP<\/p>\n","protected":false},"excerpt":{"rendered":"<p>Les autorit\u00e9s sanitaires et administratives du pays, ainsi que les institutions et partenaires au d\u00e9veloppement, \u00e9taient jeudi, 8 mai 2025 \u00e0 Dubr\u00e9ka pour proc\u00e9der au lancement officiel du 2\u00e8me\u00a0tour de la campagne de vaccination contre la poliomy\u00e9lite. Pour ce 2\u00e8me\u00a0tour au compte de l\u2019ann\u00e9e 2025, c\u2019est le district sanitaire de Dubr\u00e9ka qui a \u00e9t\u00e9 retenu [&hellip;]<\/p>\n","protected":false},"author":2,"featured_media":448,"comment_status":"open","ping_status":"open","sticky":false,"template":"","format":"standard","meta":{"_themeisle_gutenberg_block_has_review":false,"footnotes":""},"categories":[1],"tags":[],"class_list":["post-447","post","type-post","status-publish","format-standard","has-post-thumbnail","hentry","category-non-classe"],"_links":{"self":[{"href":"https:\/\/leconakry.com\/index.php\/wp-json\/wp\/v2\/posts\/447","targetHints":{"allow":["GET"]}}],"collection":[{"href":"https:\/\/leconakry.com\/index.php\/wp-json\/wp\/v2\/posts"}],"about":[{"href":"https:\/\/leconakry.com\/index.php\/wp-json\/wp\/v2\/types\/post"}],"author":[{"embeddable":true,"href":"https:\/\/leconakry.com\/index.php\/wp-json\/wp\/v2\/users\/2"}],"replies":[{"embeddable":true,"href":"https:\/\/leconakry.com\/index.php\/wp-json\/wp\/v2\/comments?post=447"}],"version-history":[{"count":1,"href":"https:\/\/leconakry.com\/index.php\/wp-json\/wp\/v2\/posts\/447\/revisions"}],"predecessor-version":[{"id":449,"href":"https:\/\/leconakry.com\/index.php\/wp-json\/wp\/v2\/posts\/447\/revisions\/449"}],"wp:featuredmedia":[{"embeddable":true,"href":"https:\/\/leconakry.com\/index.php\/wp-json\/wp\/v2\/media\/448"}],"wp:attachment":[{"href":"https:\/\/leconakry.com\/index.php\/wp-json\/wp\/v2\/media?parent=447"}],"wp:term":[{"taxonomy":"category","embeddable":true,"href":"https:\/\/leconakry.com\/index.php\/wp-json\/wp\/v2\/categories?post=447"},{"taxonomy":"post_tag","embeddable":true,"href":"https:\/\/leconakry.com\/index.php\/wp-json\/wp\/v2\/tags?post=447"}],"curies":[{"name":"wp","href":"https:\/\/api.w.org\/{rel}","templated":true}]}}